{"id":3358,"date":"2025-12-05T02:44:22","date_gmt":"2025-12-05T02:44:22","guid":{"rendered":"https:\/\/www.bluelakechem.com\/?p=3358"},"modified":"2025-12-05T02:44:28","modified_gmt":"2025-12-05T02:44:28","slug":"50th-dyechem-brazil-international-expo-invitation-bluelakechem","status":"publish","type":"post","link":"https:\/\/www.bluelakechem.com\/tr\/50th-dyechem-brazil-international-expo-invitation-bluelakechem\/","title":{"rendered":"BLUELAKECHEM Sizleri 50. DYE+CHEM BRAZIL Uluslararas\u0131 EXPO 2025'i Birlikte Ziyaret Etmeye \u0130\u00e7tenlikle Davet Ediyor"},"content":{"rendered":"<div id=\"ez-toc-container\" class=\"ez-toc-v2_0_82_2 counter-hierarchy ez-toc-counter ez-toc-grey ez-toc-container-direction\">\n<div class=\"ez-toc-title-container\">\n<p class=\"ez-toc-title\" style=\"cursor:inherit\">\u0130\u00e7indekiler<\/p>\n<span class=\"ez-toc-title-toggle\"><a href=\"#\" class=\"ez-toc-pull-right ez-toc-btn ez-toc-btn-xs ez-toc-btn-default ez-toc-toggle\" aria-label=\"\u0130\u00e7indekiler Tablosunu A\u00e7\/Kapat\"><span class=\"ez-toc-js-icon-con\"><span class=\"\"><span class=\"eztoc-hide\" style=\"display:none;\">Ge\u00e7i\u015f<\/span><span class=\"ez-toc-icon-toggle-span\"><svg style=\"fill: #999;color:#999\" xmlns=\"http:\/\/www.w3.org\/2000\/svg\" class=\"list-377408\" width=\"20px\" height=\"20px\" viewbox=\"0 0 24 24\" fill=\"none\"><path d=\"M6 6H4v2h2V6zm14 0H8v2h12V6zM4 11h2v2H4v-2zm16 0H8v2h12v-2zM4 16h2v2H4v-2zm16 0H8v2h12v-2z\" fill=\"currentColor\"><\/path><\/svg><svg style=\"fill: #999;color:#999\" class=\"arrow-unsorted-368013\" xmlns=\"http:\/\/www.w3.org\/2000\/svg\" width=\"10px\" height=\"10px\" viewbox=\"0 0 24 24\" version=\"1.2\" baseprofile=\"tiny\"><path d=\"M18.2 9.3l-6.2-6.3-6.2 6.3c-.2.2-.3.4-.3.7s.1.5.3.7c.2.2.4.3.7.3h11c.3 0 .5-.1.7-.3.2-.2.3-.5.3-.7s-.1-.5-.3-.7zM5.8 14.7l6.2 6.3 6.2-6.3c.2-.2.3-.5.3-.7s-.1-.5-.3-.7c-.2-.2-.4-.3-.7-.3h-11c-.3 0-.5.1-.7.3-.2.2-.3.5-.3.7s.1.5.3.7z\"\/><\/svg><\/span><\/span><\/span><\/a><\/span><\/div>\n<nav><ul class='ez-toc-list ez-toc-list-level-1' ><li class='ez-toc-page-1 ez-toc-heading-level-2'><a class=\"ez-toc-link ez-toc-heading-1\" href=\"https:\/\/www.bluelakechem.com\/tr\/50th-dyechem-brazil-international-expo-invitation-bluelakechem\/#Exhibition_Information\" >Sergi Bilgileri<\/a><\/li><li class='ez-toc-page-1 ez-toc-heading-level-2'><a class=\"ez-toc-link ez-toc-heading-2\" href=\"https:\/\/www.bluelakechem.com\/tr\/50th-dyechem-brazil-international-expo-invitation-bluelakechem\/#BLUELAKECHEM_Center_on_Innovation_and_Sustainability_Create_High-quality_Textile_Auxiliaries_Brand\" >BLUELAKECHEM: \u0130novasyon ve S\u00fcrd\u00fcr\u00fclebilirlik Merkezi. Y\u00fcksek Kaliteli Tekstil Yard\u0131mc\u0131lar\u0131 Markas\u0131 Yarat\u0131n<\/a><\/li><li class='ez-toc-page-1 ez-toc-heading-level-2'><a class=\"ez-toc-link ez-toc-heading-3\" href=\"https:\/\/www.bluelakechem.com\/tr\/50th-dyechem-brazil-international-expo-invitation-bluelakechem\/#Join_Hands_to_Create_a_Green_Future_Together_BLUELAKECHEM_Sincerely_Invites_Your_Presence\" >Birlikte Ye\u015fil Bir Gelecek Yaratmak \u0130\u00e7in El Ele Verin. BLUELAKECHEM Varl\u0131\u011f\u0131n\u0131z\u0131 \u0130\u00e7tenlikle Davet Ediyor<\/a><\/li><li class='ez-toc-page-1 ez-toc-heading-level-2'><a class=\"ez-toc-link ez-toc-heading-4\" href=\"https:\/\/www.bluelakechem.com\/tr\/50th-dyechem-brazil-international-expo-invitation-bluelakechem\/#Resister_for_visit_https_e-registrationscom6th-edition-of-latamtex-2025\" >Ziyaret i\u00e7in Rezister:https:\/\/e-registrations.com\/6th-edition-of-latamtex-2025<\/a><\/li><\/ul><\/nav><\/div>\n<h2 class=\"wp-block-heading\"><span class=\"ez-toc-section\" id=\"Exhibition_Information\"><\/span>Sergi Bilgileri<span class=\"ez-toc-section-end\"><\/span><\/h2>\n\n\n\n<ul class=\"wp-block-list\">\n<li><strong>\u0130sim: <\/strong>50<sup>inci<\/sup>&nbsp;DYE+CHEM BRAZIL Uluslararas\u0131 EXPO 2025<\/li>\n\n\n\n<li><strong>Zaman: <\/strong>17~19 Kas\u0131m 2025<\/li>\n\n\n\n<li><strong>Adres: <\/strong>Centro De Eventos PRO MAGNO<\/li>\n\n\n\n<li><strong>Stand No: <\/strong>C22<\/li>\n<\/ul>\n\n\n\n<figure class=\"wp-block-image size-full\"><img decoding=\"async\" width=\"1920\" height=\"1080\" src=\"https:\/\/www.bluelakechem.com\/wp-content\/uploads\/2025\/10\/The-50th-DYECHEM-BRAZIL-International-EXPO-2025-4-1.webp\" alt=\"50. DYE+CHEM BREZ\u0130LYA Uluslararas\u0131 EXPO 2025\" class=\"wp-image-3372\" srcset=\"https:\/\/www.bluelakechem.com\/wp-content\/uploads\/2025\/10\/The-50th-DYECHEM-BRAZIL-International-EXPO-2025-4-1.webp 1920w, https:\/\/www.bluelakechem.com\/wp-content\/uploads\/2025\/10\/The-50th-DYECHEM-BRAZIL-International-EXPO-2025-4-1-300x169.webp 300w, https:\/\/www.bluelakechem.com\/wp-content\/uploads\/2025\/10\/The-50th-DYECHEM-BRAZIL-International-EXPO-2025-4-1-768x432.webp 768w, https:\/\/www.bluelakechem.com\/wp-content\/uploads\/2025\/10\/The-50th-DYECHEM-BRAZIL-International-EXPO-2025-4-1-18x10.webp 18w, https:\/\/www.bluelakechem.com\/wp-content\/uploads\/2025\/10\/The-50th-DYECHEM-BRAZIL-International-EXPO-2025-4-1-1200x675.webp 1200w, https:\/\/www.bluelakechem.com\/wp-content\/uploads\/2025\/10\/The-50th-DYECHEM-BRAZIL-International-EXPO-2025-4-1-600x338.webp 600w\" sizes=\"(max-width: 1920px) 100vw, 1920px\" \/><\/figure>\n\n\n\n<p>2025 y\u0131l\u0131nda, k\u00fcresel tekstil ve kimya end\u00fcstrisinin dikkati yine Sao Paulo'ya odaklanacak.&nbsp;<strong>50<sup>inci<\/sup>&nbsp;DYE+CHEM BRAZIL Uluslararas\u0131 EXPO 2025<\/strong>&nbsp;taraf\u0131ndan d\u00fczenlenen <strong>CEMS-Global ABD<\/strong>&nbsp;g\u00f6rkemli bir \u015fekilde a\u00e7\u0131lacak. D\u00fcnyan\u0131n en etkili sergilerinden biri olarak&nbsp;<strong>Dye+Chem serisi<\/strong>, Bu y\u0131lki fuar, k\u00fcresel tekstil yard\u0131mc\u0131lar\u0131 ve boya kimyasallar\u0131 end\u00fcstrileri i\u00e7in yepyeni bir \u00f6l\u00e7ek ve uluslararas\u0131 perspektifle y\u00fcksek standartl\u0131 ve \u00fcst d\u00fczey bir profesyonel etkinlik sunacak.<\/p>\n\n\n\n<p>Bu serginin a\u015fa\u011f\u0131dakileri bir araya getirmesi beklenmektedir <strong>Avrupa, Asya, Orta Do\u011fu ve Amerika'dan 200'\u00fcn \u00fczerinde lider kurulu\u015f<\/strong>, g\u00f6r\u00fcnt\u00fcleniyor&nbsp;<strong>2.000'den fazla yenilik\u00e7i boya ve kimyasal \u00fcr\u00fcn<\/strong>. Ayn\u0131 zamanda <strong>Tekstil bask\u0131 ve boyama, kimyasal \u00fcretim, marka sat\u0131n alma ve bilimsel ara\u015ft\u0131rma kurumlar\u0131ndan yakla\u015f\u0131k 10.000 profesyonel ziyaret\u00e7i<\/strong>&nbsp;ziyaret etmek ve m\u00fczakere etmek i\u00e7in. Sergi \u00f6nemli \u00f6l\u00e7\u00fcde \u015fu konulara odaklanacakt\u0131r <strong>ye\u015fil kimya end\u00fcstrisi, s\u00fcrd\u00fcr\u00fclebilir boyama ve terbiye teknolojileri ve dijital \u00fcretim inovasyonu<\/strong>,K\u00fcresel end\u00fcstri i\u00e7in ileti\u015fim ve i\u015fbirli\u011fi i\u00e7in \u00fcst d\u00fczey bir platform olu\u015fturmak.<\/p>\n\n\n\n<h2 class=\"wp-block-heading\"><span class=\"ez-toc-section\" id=\"BLUELAKECHEM_Center_on_Innovation_and_Sustainability_Create_High-quality_Textile_Auxiliaries_Brand\"><\/span>BLUELAKECHEM: \u0130novasyon ve S\u00fcrd\u00fcr\u00fclebilirlik Merkezi. Y\u00fcksek Kaliteli Tekstil Yard\u0131mc\u0131lar\u0131 Markas\u0131 Yarat\u0131n<span class=\"ez-toc-section-end\"><\/span><\/h2>\n\n\n\n<p>K\u00fcresel tekstil yard\u0131mc\u0131lar\u0131 alan\u0131nda \u00f6nemli bir kat\u0131l\u0131mc\u0131 olarak, <strong><a href=\"https:\/\/www.bluelakechem.com\/tr\/\" target=\"_blank\" data-type=\"page\" data-id=\"21\" rel=\"noreferrer noopener\">BLUELAKECHEM<\/a><\/strong>\u00a0Bu y\u0131lki fuarda, boyama ve terbiye s\u00fcrecini optimize etme, kaliteyi art\u0131rma ve enerji tasarrufu ile \u00e7evre korumay\u0131 te\u015fvik etme konusundaki \u00e7\u00f6z\u00fcmlerimizi kapsaml\u0131 bir \u015fekilde g\u00f6stermek i\u00e7in bir dizi y\u0131ld\u0131z \u00fcr\u00fcn getirecek.<\/p>\n\n\n\n<p>Stand\u0131nda <strong>C22<\/strong>, BLUELAKECHEM ekibi \u00f6nemli bir g\u00f6steri sunacak:<\/p>\n\n\n\n<ul class=\"wp-block-list\">\n<li><strong><a href=\"https:\/\/www.bluelakechem.com\/tr\/process\/disperse-leveling-agent\/\" target=\"_blank\" rel=\"noreferrer noopener\">Y\u00fcksek verimli tesviye ve tamir maddesi:<\/a> <\/strong>Boyalar\u0131n boya al\u0131m\u0131n\u0131 optimize eder ve boyama kusurunu ve d\u00fczensiz boyamay\u0131 iyile\u015ftirir.<\/li>\n\n\n\n<li><strong><a href=\"https:\/\/www.bluelakechem.com\/tr\/process\/scouring-agent\/\" target=\"_blank\" rel=\"noreferrer noopener\">Y\u00fcksek konsantrasyonlu ovma maddesi <\/a>ve em\u00fclsifiye edici ajan: <\/strong>D\u00fc\u015f\u00fck k\u00f6p\u00fckl\u00fc ve su tasarrufu sa\u011flayan \u00f6n ar\u0131tma i\u015flemi sa\u011flar.<\/li>\n\n\n\n<li><strong>Biyo bazl\u0131 yumu\u015fak apre ve fonksiyonel apre \u00fcr\u00fcn\u00fc: <\/strong>Sap ve \u00e7evre dostu performans\u0131 dengeler. Uluslararas\u0131 ye\u015fil standartlara uygundur.<\/li>\n\n\n\n<li><strong>Fonksiyonel sonland\u0131rma \u00e7\u00f6z\u00fcm\u00fc: <\/strong>Diren\u00e7li boyama, hidrofilik, so\u011fuk alg\u0131lama ve anti-statik gibi \u00e7oklu i\u015flevler i\u00e7erir.<\/li>\n<\/ul>\n\n\n\n<p>BLUELAKECHEM her zaman \u015fu geli\u015fim konseptine ba\u011fl\u0131 kalm\u0131\u015ft\u0131r \u201c<strong>ye\u015fi\u0307l i\u0307novasyon, \u00f6nce kali\u0307te ve kazan-kazan i\u0307\u015fbi\u0307rli\u0307\u011fi\u0307<\/strong>\u201c. S\u00fcrekli teknolojik ara\u015ft\u0131rma ve geli\u015ftirme ve uygulama hizmetleri ile k\u00fcresel m\u00fc\u015fterilere rekabet\u00e7i yard\u0131mc\u0131 maddeler ve \u00f6zelle\u015ftirilmi\u015f \u00e7\u00f6z\u00fcmler sunuyoruz.&nbsp;<\/p>\n\n\n\n<div class=\"wp-block-columns is-layout-flex wp-container-core-columns-is-layout-9d6595d7 wp-block-columns-is-layout-flex\">\n<div class=\"wp-block-column is-layout-flow wp-block-column-is-layout-flow\">\n<figure class=\"wp-block-image size-full\"><img decoding=\"async\" width=\"5315\" height=\"8858\" src=\"https:\/\/www.bluelakechem.com\/wp-content\/uploads\/2025\/10\/The-50th-DYECHEM-BRAZIL-International-EXPO-2025-8.webp\" alt=\"50. DYE+CHEM BREZ\u0130LYA Uluslararas\u0131 EXPO 2025\" class=\"wp-image-3360\" srcset=\"https:\/\/www.bluelakechem.com\/wp-content\/uploads\/2025\/10\/The-50th-DYECHEM-BRAZIL-International-EXPO-2025-8.webp 5315w, https:\/\/www.bluelakechem.com\/wp-content\/uploads\/2025\/10\/The-50th-DYECHEM-BRAZIL-International-EXPO-2025-8-180x300.webp 180w, https:\/\/www.bluelakechem.com\/wp-content\/uploads\/2025\/10\/The-50th-DYECHEM-BRAZIL-International-EXPO-2025-8-768x1280.webp 768w, https:\/\/www.bluelakechem.com\/wp-content\/uploads\/2025\/10\/The-50th-DYECHEM-BRAZIL-International-EXPO-2025-8-7x12.webp 7w, https:\/\/www.bluelakechem.com\/wp-content\/uploads\/2025\/10\/The-50th-DYECHEM-BRAZIL-International-EXPO-2025-8-922x1536.webp 922w, https:\/\/www.bluelakechem.com\/wp-content\/uploads\/2025\/10\/The-50th-DYECHEM-BRAZIL-International-EXPO-2025-8-1229x2048.webp 1229w, https:\/\/www.bluelakechem.com\/wp-content\/uploads\/2025\/10\/The-50th-DYECHEM-BRAZIL-International-EXPO-2025-8-1200x2000.webp 1200w, https:\/\/www.bluelakechem.com\/wp-content\/uploads\/2025\/10\/The-50th-DYECHEM-BRAZIL-International-EXPO-2025-8-600x1000.webp 600w\" sizes=\"(max-width: 5315px) 100vw, 5315px\" \/><\/figure>\n<\/div>\n\n\n\n<div class=\"wp-block-column is-layout-flow wp-block-column-is-layout-flow\">\n<figure class=\"wp-block-image size-full\"><img decoding=\"async\" width=\"5315\" height=\"8858\" src=\"https:\/\/www.bluelakechem.com\/wp-content\/uploads\/2025\/10\/The-50th-DYECHEM-BRAZIL-International-EXPO-2025-9.webp\" alt=\"50. DYE+CHEM BREZ\u0130LYA Uluslararas\u0131 EXPO 2025\" class=\"wp-image-3361\" srcset=\"https:\/\/www.bluelakechem.com\/wp-content\/uploads\/2025\/10\/The-50th-DYECHEM-BRAZIL-International-EXPO-2025-9.webp 5315w, https:\/\/www.bluelakechem.com\/wp-content\/uploads\/2025\/10\/The-50th-DYECHEM-BRAZIL-International-EXPO-2025-9-180x300.webp 180w, https:\/\/www.bluelakechem.com\/wp-content\/uploads\/2025\/10\/The-50th-DYECHEM-BRAZIL-International-EXPO-2025-9-768x1280.webp 768w, https:\/\/www.bluelakechem.com\/wp-content\/uploads\/2025\/10\/The-50th-DYECHEM-BRAZIL-International-EXPO-2025-9-7x12.webp 7w, https:\/\/www.bluelakechem.com\/wp-content\/uploads\/2025\/10\/The-50th-DYECHEM-BRAZIL-International-EXPO-2025-9-922x1536.webp 922w, https:\/\/www.bluelakechem.com\/wp-content\/uploads\/2025\/10\/The-50th-DYECHEM-BRAZIL-International-EXPO-2025-9-1229x2048.webp 1229w, https:\/\/www.bluelakechem.com\/wp-content\/uploads\/2025\/10\/The-50th-DYECHEM-BRAZIL-International-EXPO-2025-9-1200x2000.webp 1200w, https:\/\/www.bluelakechem.com\/wp-content\/uploads\/2025\/10\/The-50th-DYECHEM-BRAZIL-International-EXPO-2025-9-600x1000.webp 600w\" sizes=\"(max-width: 5315px) 100vw, 5315px\" \/><\/figure>\n<\/div>\n\n\n\n<div class=\"wp-block-column is-layout-flow wp-block-column-is-layout-flow\">\n<figure class=\"wp-block-image size-full\"><img decoding=\"async\" width=\"5315\" height=\"8858\" src=\"https:\/\/www.bluelakechem.com\/wp-content\/uploads\/2025\/10\/The-50th-DYECHEM-BRAZIL-International-EXPO-2025-10.webp\" alt=\"50. DYE+CHEM BREZ\u0130LYA Uluslararas\u0131 EXPO 2025\" class=\"wp-image-3362\" srcset=\"https:\/\/www.bluelakechem.com\/wp-content\/uploads\/2025\/10\/The-50th-DYECHEM-BRAZIL-International-EXPO-2025-10.webp 5315w, https:\/\/www.bluelakechem.com\/wp-content\/uploads\/2025\/10\/The-50th-DYECHEM-BRAZIL-International-EXPO-2025-10-180x300.webp 180w, https:\/\/www.bluelakechem.com\/wp-content\/uploads\/2025\/10\/The-50th-DYECHEM-BRAZIL-International-EXPO-2025-10-768x1280.webp 768w, https:\/\/www.bluelakechem.com\/wp-content\/uploads\/2025\/10\/The-50th-DYECHEM-BRAZIL-International-EXPO-2025-10-7x12.webp 7w, https:\/\/www.bluelakechem.com\/wp-content\/uploads\/2025\/10\/The-50th-DYECHEM-BRAZIL-International-EXPO-2025-10-922x1536.webp 922w, https:\/\/www.bluelakechem.com\/wp-content\/uploads\/2025\/10\/The-50th-DYECHEM-BRAZIL-International-EXPO-2025-10-1229x2048.webp 1229w, https:\/\/www.bluelakechem.com\/wp-content\/uploads\/2025\/10\/The-50th-DYECHEM-BRAZIL-International-EXPO-2025-10-1200x2000.webp 1200w, https:\/\/www.bluelakechem.com\/wp-content\/uploads\/2025\/10\/The-50th-DYECHEM-BRAZIL-International-EXPO-2025-10-600x1000.webp 600w\" sizes=\"(max-width: 5315px) 100vw, 5315px\" \/><\/figure>\n<\/div>\n<\/div>\n\n\n\n<div class=\"wp-block-columns is-layout-flex wp-container-core-columns-is-layout-9d6595d7 wp-block-columns-is-layout-flex\">\n<div class=\"wp-block-column is-layout-flow wp-block-column-is-layout-flow\">\n<figure class=\"wp-block-image size-full\"><img decoding=\"async\" width=\"5315\" height=\"8858\" src=\"https:\/\/www.bluelakechem.com\/wp-content\/uploads\/2025\/10\/The-50th-DYECHEM-BRAZIL-International-EXPO-2025-11.webp\" alt=\"50. DYE+CHEM BREZ\u0130LYA Uluslararas\u0131 EXPO 2025\" class=\"wp-image-3363\" srcset=\"https:\/\/www.bluelakechem.com\/wp-content\/uploads\/2025\/10\/The-50th-DYECHEM-BRAZIL-International-EXPO-2025-11.webp 5315w, https:\/\/www.bluelakechem.com\/wp-content\/uploads\/2025\/10\/The-50th-DYECHEM-BRAZIL-International-EXPO-2025-11-180x300.webp 180w, https:\/\/www.bluelakechem.com\/wp-content\/uploads\/2025\/10\/The-50th-DYECHEM-BRAZIL-International-EXPO-2025-11-768x1280.webp 768w, https:\/\/www.bluelakechem.com\/wp-content\/uploads\/2025\/10\/The-50th-DYECHEM-BRAZIL-International-EXPO-2025-11-7x12.webp 7w, https:\/\/www.bluelakechem.com\/wp-content\/uploads\/2025\/10\/The-50th-DYECHEM-BRAZIL-International-EXPO-2025-11-922x1536.webp 922w, https:\/\/www.bluelakechem.com\/wp-content\/uploads\/2025\/10\/The-50th-DYECHEM-BRAZIL-International-EXPO-2025-11-1229x2048.webp 1229w, https:\/\/www.bluelakechem.com\/wp-content\/uploads\/2025\/10\/The-50th-DYECHEM-BRAZIL-International-EXPO-2025-11-1200x2000.webp 1200w, https:\/\/www.bluelakechem.com\/wp-content\/uploads\/2025\/10\/The-50th-DYECHEM-BRAZIL-International-EXPO-2025-11-600x1000.webp 600w\" sizes=\"(max-width: 5315px) 100vw, 5315px\" \/><\/figure>\n<\/div>\n\n\n\n<div class=\"wp-block-column is-layout-flow wp-block-column-is-layout-flow\">\n<figure class=\"wp-block-image size-full\"><img decoding=\"async\" width=\"5315\" height=\"8858\" src=\"https:\/\/www.bluelakechem.com\/wp-content\/uploads\/2025\/10\/The-50th-DYECHEM-BRAZIL-International-EXPO-2025-12.webp\" alt=\"50. DYE+CHEM BREZ\u0130LYA Uluslararas\u0131 EXPO 2025\" class=\"wp-image-3364\" srcset=\"https:\/\/www.bluelakechem.com\/wp-content\/uploads\/2025\/10\/The-50th-DYECHEM-BRAZIL-International-EXPO-2025-12.webp 5315w, https:\/\/www.bluelakechem.com\/wp-content\/uploads\/2025\/10\/The-50th-DYECHEM-BRAZIL-International-EXPO-2025-12-180x300.webp 180w, https:\/\/www.bluelakechem.com\/wp-content\/uploads\/2025\/10\/The-50th-DYECHEM-BRAZIL-International-EXPO-2025-12-768x1280.webp 768w, https:\/\/www.bluelakechem.com\/wp-content\/uploads\/2025\/10\/The-50th-DYECHEM-BRAZIL-International-EXPO-2025-12-7x12.webp 7w, https:\/\/www.bluelakechem.com\/wp-content\/uploads\/2025\/10\/The-50th-DYECHEM-BRAZIL-International-EXPO-2025-12-922x1536.webp 922w, https:\/\/www.bluelakechem.com\/wp-content\/uploads\/2025\/10\/The-50th-DYECHEM-BRAZIL-International-EXPO-2025-12-1229x2048.webp 1229w, https:\/\/www.bluelakechem.com\/wp-content\/uploads\/2025\/10\/The-50th-DYECHEM-BRAZIL-International-EXPO-2025-12-1200x2000.webp 1200w, https:\/\/www.bluelakechem.com\/wp-content\/uploads\/2025\/10\/The-50th-DYECHEM-BRAZIL-International-EXPO-2025-12-600x1000.webp 600w\" sizes=\"(max-width: 5315px) 100vw, 5315px\" \/><\/figure>\n<\/div>\n\n\n\n<div class=\"wp-block-column is-layout-flow wp-block-column-is-layout-flow\">\n<figure class=\"wp-block-image size-full\"><img decoding=\"async\" width=\"5315\" height=\"8858\" src=\"https:\/\/www.bluelakechem.com\/wp-content\/uploads\/2025\/10\/The-50th-DYECHEM-BRAZIL-International-EXPO-2025-13.webp\" alt=\"50. DYE+CHEM BREZ\u0130LYA Uluslararas\u0131 EXPO 2025\" class=\"wp-image-3365\" srcset=\"https:\/\/www.bluelakechem.com\/wp-content\/uploads\/2025\/10\/The-50th-DYECHEM-BRAZIL-International-EXPO-2025-13.webp 5315w, https:\/\/www.bluelakechem.com\/wp-content\/uploads\/2025\/10\/The-50th-DYECHEM-BRAZIL-International-EXPO-2025-13-180x300.webp 180w, https:\/\/www.bluelakechem.com\/wp-content\/uploads\/2025\/10\/The-50th-DYECHEM-BRAZIL-International-EXPO-2025-13-768x1280.webp 768w, https:\/\/www.bluelakechem.com\/wp-content\/uploads\/2025\/10\/The-50th-DYECHEM-BRAZIL-International-EXPO-2025-13-7x12.webp 7w, https:\/\/www.bluelakechem.com\/wp-content\/uploads\/2025\/10\/The-50th-DYECHEM-BRAZIL-International-EXPO-2025-13-922x1536.webp 922w, https:\/\/www.bluelakechem.com\/wp-content\/uploads\/2025\/10\/The-50th-DYECHEM-BRAZIL-International-EXPO-2025-13-1229x2048.webp 1229w, https:\/\/www.bluelakechem.com\/wp-content\/uploads\/2025\/10\/The-50th-DYECHEM-BRAZIL-International-EXPO-2025-13-1200x2000.webp 1200w, https:\/\/www.bluelakechem.com\/wp-content\/uploads\/2025\/10\/The-50th-DYECHEM-BRAZIL-International-EXPO-2025-13-600x1000.webp 600w\" sizes=\"(max-width: 5315px) 100vw, 5315px\" \/><\/figure>\n<\/div>\n<\/div>\n\n\n\n<h2 class=\"wp-block-heading\"><span class=\"ez-toc-section\" id=\"Join_Hands_to_Create_a_Green_Future_Together_BLUELAKECHEM_Sincerely_Invites_Your_Presence\"><\/span>Birlikte Ye\u015fil Bir Gelecek Yaratmak \u0130\u00e7in El Ele Verin. BLUELAKECHEM Varl\u0131\u011f\u0131n\u0131z\u0131 \u0130\u00e7tenlikle Davet Ediyor<span class=\"ez-toc-section-end\"><\/span><\/h2>\n\n\n\n<p>Brezilya'daki bu fuar sadece teknoloji ve \u00fcr\u00fcnlerin sergilendi\u011fi bir pencere de\u011fil, ayn\u0131 zamanda BLUELAKECHEM'in k\u00fcresel ortaklar\u0131yla y\u00fcz y\u00fcze ileti\u015fim kurmas\u0131 i\u00e7in \u00f6nemli bir f\u0131rsatt\u0131r.<\/p>\n\n\n\n<p>Latin Amerika'dan ve d\u00fcnyan\u0131n d\u00f6rt bir yan\u0131ndan m\u00fc\u015fterilerimizle ke\u015fif g\u00f6r\u00fc\u015fmeleri yapmak i\u00e7in sab\u0131rs\u0131zlan\u0131yoruz:<\/p>\n\n\n\n<ul class=\"wp-block-list\">\n<li><strong>Yenilik\u00e7i yard\u0131mc\u0131 maddeler ile tekstillerin ek de\u011feri ve \u00e7evre dostu performans\u0131 nas\u0131l art\u0131r\u0131l\u0131r?<\/strong>.<\/li>\n\n\n\n<li><strong>Verimli ve d\u00fc\u015f\u00fck emisyonlu bir bask\u0131 ve boyama \u00fcretim sistemi nas\u0131l kurulur?<\/strong>.<\/li>\n\n\n\n<li><strong>Uluslararas\u0131 trendler do\u011frultusunda s\u00fcrd\u00fcr\u00fclebilir bir tedarik zinciri nas\u0131l ortakla\u015fa olu\u015fturulur?<\/strong>.<\/li>\n<\/ul>\n\n\n\n<p><strong>BLUELAKECHEM'in stand\u0131n\u0131 ziyaret etmeye ho\u015f geldiniz: C22<\/strong>&nbsp;En yeni \u00fcr\u00fcnlerimiz ve teknolojik ba\u015far\u0131lar\u0131m\u0131z hakk\u0131nda bilgi edinmek ve birlikte s\u00fcrd\u00fcr\u00fclebilir tekstil kimyas\u0131nda yepyeni bir sayfa a\u00e7mak i\u00e7in.<\/p>\n\n\n\n<figure class=\"wp-block-image size-full\"><img decoding=\"async\" width=\"1273\" height=\"598\" src=\"https:\/\/www.bluelakechem.com\/wp-content\/uploads\/2025\/10\/The-50th-DYECHEM-BRAZIL-International-EXPO-2025-2.webp\" alt=\"50. DYE+CHEM BREZ\u0130LYA Uluslararas\u0131 EXPO 2025\" class=\"wp-image-3366\" srcset=\"https:\/\/www.bluelakechem.com\/wp-content\/uploads\/2025\/10\/The-50th-DYECHEM-BRAZIL-International-EXPO-2025-2.webp 1273w, https:\/\/www.bluelakechem.com\/wp-content\/uploads\/2025\/10\/The-50th-DYECHEM-BRAZIL-International-EXPO-2025-2-300x141.webp 300w, https:\/\/www.bluelakechem.com\/wp-content\/uploads\/2025\/10\/The-50th-DYECHEM-BRAZIL-International-EXPO-2025-2-768x361.webp 768w, https:\/\/www.bluelakechem.com\/wp-content\/uploads\/2025\/10\/The-50th-DYECHEM-BRAZIL-International-EXPO-2025-2-18x8.webp 18w, https:\/\/www.bluelakechem.com\/wp-content\/uploads\/2025\/10\/The-50th-DYECHEM-BRAZIL-International-EXPO-2025-2-1200x564.webp 1200w, https:\/\/www.bluelakechem.com\/wp-content\/uploads\/2025\/10\/The-50th-DYECHEM-BRAZIL-International-EXPO-2025-2-600x282.webp 600w\" sizes=\"(max-width: 1273px) 100vw, 1273px\" \/><\/figure>\n\n\n\n<div class=\"wp-block-columns are-vertically-aligned-top is-layout-flex wp-container-core-columns-is-layout-9d6595d7 wp-block-columns-is-layout-flex\">\n<div class=\"wp-block-column is-vertically-aligned-top is-layout-flow wp-block-column-is-layout-flow\">\n<div class=\"wp-block-columns is-layout-flex wp-container-core-columns-is-layout-9d6595d7 wp-block-columns-is-layout-flex\">\n<div class=\"wp-block-column is-layout-flow wp-block-column-is-layout-flow\">\n<figure class=\"wp-block-image size-full\"><img decoding=\"async\" width=\"1707\" height=\"1280\" src=\"https:\/\/www.bluelakechem.com\/wp-content\/uploads\/2025\/10\/The-50th-DYECHEM-BRAZIL-International-EXPO-2025-7.webp\" alt=\"50. DYE+CHEM BREZ\u0130LYA Uluslararas\u0131 EXPO 2025\" class=\"wp-image-3367\" srcset=\"https:\/\/www.bluelakechem.com\/wp-content\/uploads\/2025\/10\/The-50th-DYECHEM-BRAZIL-International-EXPO-2025-7.webp 1707w, https:\/\/www.bluelakechem.com\/wp-content\/uploads\/2025\/10\/The-50th-DYECHEM-BRAZIL-International-EXPO-2025-7-300x225.webp 300w, https:\/\/www.bluelakechem.com\/wp-content\/uploads\/2025\/10\/The-50th-DYECHEM-BRAZIL-International-EXPO-2025-7-768x576.webp 768w, https:\/\/www.bluelakechem.com\/wp-content\/uploads\/2025\/10\/The-50th-DYECHEM-BRAZIL-International-EXPO-2025-7-16x12.webp 16w, https:\/\/www.bluelakechem.com\/wp-content\/uploads\/2025\/10\/The-50th-DYECHEM-BRAZIL-International-EXPO-2025-7-1200x900.webp 1200w, https:\/\/www.bluelakechem.com\/wp-content\/uploads\/2025\/10\/The-50th-DYECHEM-BRAZIL-International-EXPO-2025-7-600x450.webp 600w\" sizes=\"(max-width: 1707px) 100vw, 1707px\" \/><\/figure>\n<\/div>\n\n\n\n<div class=\"wp-block-column is-layout-flow wp-block-column-is-layout-flow\">\n<figure class=\"wp-block-image size-full\"><img decoding=\"async\" width=\"4096\" height=\"3072\" src=\"https:\/\/www.bluelakechem.com\/wp-content\/uploads\/2025\/10\/The-50th-DYECHEM-BRAZIL-International-EXPO-2025-6.webp\" alt=\"50. DYE+CHEM BREZ\u0130LYA Uluslararas\u0131 EXPO 2025\" class=\"wp-image-3368\" srcset=\"https:\/\/www.bluelakechem.com\/wp-content\/uploads\/2025\/10\/The-50th-DYECHEM-BRAZIL-International-EXPO-2025-6.webp 4096w, https:\/\/www.bluelakechem.com\/wp-content\/uploads\/2025\/10\/The-50th-DYECHEM-BRAZIL-International-EXPO-2025-6-300x225.webp 300w, https:\/\/www.bluelakechem.com\/wp-content\/uploads\/2025\/10\/The-50th-DYECHEM-BRAZIL-International-EXPO-2025-6-768x576.webp 768w, https:\/\/www.bluelakechem.com\/wp-content\/uploads\/2025\/10\/The-50th-DYECHEM-BRAZIL-International-EXPO-2025-6-16x12.webp 16w, https:\/\/www.bluelakechem.com\/wp-content\/uploads\/2025\/10\/The-50th-DYECHEM-BRAZIL-International-EXPO-2025-6-1200x900.webp 1200w, https:\/\/www.bluelakechem.com\/wp-content\/uploads\/2025\/10\/The-50th-DYECHEM-BRAZIL-International-EXPO-2025-6-600x450.webp 600w\" sizes=\"(max-width: 4096px) 100vw, 4096px\" \/><\/figure>\n<\/div>\n<\/div>\n<\/div>\n\n\n\n<div class=\"wp-block-column is-vertically-aligned-top is-layout-flow wp-block-column-is-layout-flow\">\n<div class=\"wp-block-columns is-layout-flex wp-container-core-columns-is-layout-9d6595d7 wp-block-columns-is-layout-flex\">\n<div class=\"wp-block-column is-layout-flow wp-block-column-is-layout-flow\"><div class=\"wp-block-image\">\n<figure class=\"aligncenter size-full is-resized\"><img decoding=\"async\" width=\"1512\" height=\"1512\" src=\"https:\/\/www.bluelakechem.com\/wp-content\/uploads\/2025\/10\/The-50th-DYECHEM-BRAZIL-International-EXPO-2025-5.webp\" alt=\"50. DYE+CHEM BREZ\u0130LYA Uluslararas\u0131 EXPO 2025\" class=\"wp-image-3369\" style=\"width:150px;height:auto\" srcset=\"https:\/\/www.bluelakechem.com\/wp-content\/uploads\/2025\/10\/The-50th-DYECHEM-BRAZIL-International-EXPO-2025-5.webp 1512w, https:\/\/www.bluelakechem.com\/wp-content\/uploads\/2025\/10\/The-50th-DYECHEM-BRAZIL-International-EXPO-2025-5-300x300.webp 300w, https:\/\/www.bluelakechem.com\/wp-content\/uploads\/2025\/10\/The-50th-DYECHEM-BRAZIL-International-EXPO-2025-5-150x150.webp 150w, https:\/\/www.bluelakechem.com\/wp-content\/uploads\/2025\/10\/The-50th-DYECHEM-BRAZIL-International-EXPO-2025-5-768x768.webp 768w, https:\/\/www.bluelakechem.com\/wp-content\/uploads\/2025\/10\/The-50th-DYECHEM-BRAZIL-International-EXPO-2025-5-12x12.webp 12w, https:\/\/www.bluelakechem.com\/wp-content\/uploads\/2025\/10\/The-50th-DYECHEM-BRAZIL-International-EXPO-2025-5-1200x1200.webp 1200w, https:\/\/www.bluelakechem.com\/wp-content\/uploads\/2025\/10\/The-50th-DYECHEM-BRAZIL-International-EXPO-2025-5-600x600.webp 600w, https:\/\/www.bluelakechem.com\/wp-content\/uploads\/2025\/10\/The-50th-DYECHEM-BRAZIL-International-EXPO-2025-5-100x100.webp 100w\" sizes=\"(max-width: 1512px) 100vw, 1512px\" \/><\/figure>\n<\/div><\/div>\n\n\n\n<div class=\"wp-block-column is-layout-flow wp-block-column-is-layout-flow\"><div class=\"wp-block-image\">\n<figure class=\"aligncenter size-full\"><img decoding=\"async\" width=\"4608\" height=\"3456\" src=\"https:\/\/www.bluelakechem.com\/wp-content\/uploads\/2025\/10\/The-50th-DYECHEM-BRAZIL-International-EXPO-2025.webp\" alt=\"50. DYE+CHEM BREZ\u0130LYA Uluslararas\u0131 EXPO 2025\" class=\"wp-image-3370\" srcset=\"https:\/\/www.bluelakechem.com\/wp-content\/uploads\/2025\/10\/The-50th-DYECHEM-BRAZIL-International-EXPO-2025.webp 4608w, https:\/\/www.bluelakechem.com\/wp-content\/uploads\/2025\/10\/The-50th-DYECHEM-BRAZIL-International-EXPO-2025-300x225.webp 300w, https:\/\/www.bluelakechem.com\/wp-content\/uploads\/2025\/10\/The-50th-DYECHEM-BRAZIL-International-EXPO-2025-768x576.webp 768w, https:\/\/www.bluelakechem.com\/wp-content\/uploads\/2025\/10\/The-50th-DYECHEM-BRAZIL-International-EXPO-2025-16x12.webp 16w, https:\/\/www.bluelakechem.com\/wp-content\/uploads\/2025\/10\/The-50th-DYECHEM-BRAZIL-International-EXPO-2025-1200x900.webp 1200w, https:\/\/www.bluelakechem.com\/wp-content\/uploads\/2025\/10\/The-50th-DYECHEM-BRAZIL-International-EXPO-2025-600x450.webp 600w\" sizes=\"(max-width: 4608px) 100vw, 4608px\" \/><\/figure>\n<\/div><\/div>\n<\/div>\n<\/div>\n<\/div>\n\n\n\n<p><strong>Zaman: <\/strong>17~19 Kas\u0131m 2025<\/p>\n\n\n\n<p><strong>Adres: <\/strong>Centro De Eventos PRO MAGNO, S\u00e3o Paulo, Brezilya<\/p>\n\n\n\n<p><strong>\u00c7al\u0131\u015fma Saatleri: <\/strong>10:00 ~ 18:00<\/p>\n\n\n\n<h2 class=\"wp-block-heading\"><span class=\"ez-toc-section\" id=\"Resister_for_visit_https_e-registrationscom6th-edition-of-latamtex-2025\"><\/span>Ziyaret i\u00e7in direni\u015f\u00e7i:<a href=\"https:\/\/e-registrations.com\/6th-edition-of-latamtex-2025\" target=\"_blank\" rel=\"noopener\">https:\/\/e-registrations.com\/6th-edition-of-latamtex-2025<\/a><span class=\"ez-toc-section-end\"><\/span><\/h2>","protected":false},"excerpt":{"rendered":"<p>Exhibition Information In 2025, the global textile and chemical industry&#8217;s attention will again focus on Sao Paulo.&nbsp;The 50th&nbsp;DYE+CHEM BRAZIL International EXPO 2025&nbsp;held by CEMS-Global USA&nbsp;will open grandly.&nbsp;As one of the world&#8217;s most influential exhibitions of&nbsp;Dye+Chem series, this year&#8217;s exhibition will present a high-standard and high-level professional event for the global textile auxiliaries and dyeing chemical [&hellip;]<\/p>\n","protected":false},"author":2,"featured_media":3371,"comment_status":"closed","ping_status":"closed","sticky":false,"template":"","format":"standard","meta":{"_acf_changed":false,"footnotes":""},"categories":[1,16],"tags":[],"class_list":["post-3358","post","type-post","status-publish","format-standard","has-post-thumbnail","hentry","category-uncategorized","category-blogs-news"],"acf":[],"_links":{"self":[{"href":"https:\/\/www.bluelakechem.com\/tr\/wp-json\/wp\/v2\/posts\/3358","targetHints":{"allow":["GET"]}}],"collection":[{"href":"https:\/\/www.bluelakechem.com\/tr\/wp-json\/wp\/v2\/posts"}],"about":[{"href":"https:\/\/www.bluelakechem.com\/tr\/wp-json\/wp\/v2\/types\/post"}],"author":[{"embeddable":true,"href":"https:\/\/www.bluelakechem.com\/tr\/wp-json\/wp\/v2\/users\/2"}],"replies":[{"embeddable":true,"href":"https:\/\/www.bluelakechem.com\/tr\/wp-json\/wp\/v2\/comments?post=3358"}],"version-history":[{"count":0,"href":"https:\/\/www.bluelakechem.com\/tr\/wp-json\/wp\/v2\/posts\/3358\/revisions"}],"wp:featuredmedia":[{"embeddable":true,"href":"https:\/\/www.bluelakechem.com\/tr\/wp-json\/wp\/v2\/media\/3371"}],"wp:attachment":[{"href":"https:\/\/www.bluelakechem.com\/tr\/wp-json\/wp\/v2\/media?parent=3358"}],"wp:term":[{"taxonomy":"category","embeddable":true,"href":"https:\/\/www.bluelakechem.com\/tr\/wp-json\/wp\/v2\/categories?post=3358"},{"taxonomy":"post_tag","embeddable":true,"href":"https:\/\/www.bluelakechem.com\/tr\/wp-json\/wp\/v2\/tags?post=3358"}],"curies":[{"name":"wp","href":"https:\/\/api.w.org\/{rel}","templated":true}]}}